{"id":1480,"date":"2023-07-03T11:35:45","date_gmt":"2023-07-03T09:35:45","guid":{"rendered":"https:\/\/silviarico.com\/escoltar-i-esser-escoltat\/"},"modified":"2023-10-31T12:50:42","modified_gmt":"2023-10-31T11:50:42","slug":"escoltar-i-esser-escoltat","status":"publish","type":"post","link":"https:\/\/silviarico.com\/ca\/escoltar-i-esser-escoltat\/","title":{"rendered":"Escoltar i \u00e9sser escoltat"},"content":{"rendered":"\n<p>Soc S\u00edliva Rico, porto pr\u00e0cticament tota la meva vida professional treballant amb persones i aix\u00f2 em fa ser molt m\u00e9s sensible i perceptiva amb les seves necessitats.<\/p>\n\n<p>Tots tenim aquest poder, per\u00f2 s&#8217;ha de desenvolupar, voler escoltar els dem\u00e9s i que realment t&#8217;importii el que t&#8217;expliquen. A aix\u00f2 s&#8217;anomena connectar i estar present davant del que ens vol transmetre una persona.<\/p>\n\n<p>Despr\u00e9s de molts anys de pres\u00e8ncia davant de persones, vaig donar un pas endavant amb un curs que em va fer ser m\u00e9s conscient, ens proposaven no parlar durant 10 minuts, nom\u00e9s hav\u00edem d&#8217;escoltar el que una altre persona ens explicava, sense parlar, nom\u00e9s escoltar. I llavors, a la inversa, el que parlava escoltava i el que escoltava, parlava.<\/p>\n\n<p>I em vaig adonar de dues coses: la primera \u00e9s que ens \u00e9s molt dificil callar i no dir res mentre alg\u00fa ens explica alguna cosa, des de la necessitat de voler ajudar, ens surten els judicis, el jo tinc la soluci\u00f3 o com jo ho faria (qu\u00e8 f\u00e0cil \u00e9s quan ens posem en el lloc dels altres ;)). I la segona \u00e9s la m\u00e9s dificil que \u00e9s a vegades poder expresar el que sentim durant 10 minuts. Fes la prova, amb un amic o amiga, fam\u00edlia, parella&#8230; prova-ho i ja m&#8217;explicar\u00e0s la teva experi\u00e8ncia. Quan tingui sun tema que vulguis exposar o que et preocupi, fes torns de 10 minuts per a poder expressar-lo sense interrupcions. \u00c9s un gran descobriment de vida, t&#8217;ho recomano!<\/p>\n","protected":false},"excerpt":{"rendered":"<p>Soc S\u00edliva Rico, porto pr\u00e0cticament tota la meva vida professional treballant amb persones i aix\u00f2 em fa ser molt m\u00e9s sensible i perceptiva amb les seves necessitats.<\/p>\n","protected":false},"author":1,"featured_media":1478,"comment_status":"open","ping_status":"open","sticky":false,"template":"","format":"standard","meta":{"footnotes":""},"categories":[36,23],"tags":[],"class_list":["post-1480","post","type-post","status-publish","format-standard","has-post-thumbnail","hentry","category-escoltaconscient","category-sense-categoritzar"],"yoast_head":"<!-- This site is optimized with the Yoast SEO plugin v27.4 - https:\/\/yoast.com\/product\/yoast-seo-wordpress\/ -->\n<title>Escoltar i \u00e9sser escoltat - Silvia Rico<\/title>\n<meta name=\"description\" content=\"Soc S\u00edliva Rico, porto pr\u00e0cticament tota la meva vida professional treballant amb persones i aix\u00f2 em fa ser molt m\u00e9s sensible i perceptiva.\" \/>\n<meta name=\"robots\" content=\"index, follow, max-snippet:-1, max-image-preview:large, max-video-preview:-1\" \/>\n<link rel=\"canonical\" href=\"https:\/\/silviarico.com\/ca\/escoltar-i-esser-escoltat\/\" \/>\n<meta property=\"og:locale\" content=\"ca_ES\" \/>\n<meta property=\"og:type\" content=\"article\" \/>\n<meta property=\"og:title\" content=\"Escoltar i \u00e9sser escoltat - Silvia Rico\" \/>\n<meta property=\"og:description\" content=\"Soc S\u00edliva Rico, porto pr\u00e0cticament tota la meva vida professional treballant amb persones i aix\u00f2 em fa ser molt m\u00e9s sensible i perceptiva.\" \/>\n<meta property=\"og:url\" content=\"https:\/\/silviarico.com\/ca\/escoltar-i-esser-escoltat\/\" \/>\n<meta property=\"og:site_name\" content=\"Silvia Rico\" \/>\n<meta property=\"article:published_time\" content=\"2023-07-03T09:35:45+00:00\" \/>\n<meta property=\"article:modified_time\" content=\"2023-10-31T11:50:42+00:00\" \/>\n<meta property=\"og:image\" content=\"https:\/\/silviarico.com\/wp-content\/uploads\/2023\/07\/FOTO-ESCUCHAR-BLOG-1.jpg\" \/>\n\t<meta property=\"og:image:width\" content=\"696\" \/>\n\t<meta property=\"og:image:height\" content=\"343\" \/>\n\t<meta property=\"og:image:type\" content=\"image\/jpeg\" \/>\n<meta name=\"author\" content=\"admin\" \/>\n<meta name=\"twitter:card\" content=\"summary_large_image\" \/>\n<meta name=\"twitter:label1\" content=\"Escrit per\" \/>\n\t<meta name=\"twitter:data1\" content=\"admin\" \/>\n\t<meta name=\"twitter:label2\" content=\"Temps estimat de lectura\" \/>\n\t<meta name=\"twitter:data2\" content=\"1 minut\" \/>\n<script type=\"application\/ld+json\" class=\"yoast-schema-graph\">{\"@context\":\"https:\\\/\\\/schema.org\",\"@graph\":[{\"@type\":\"Article\",\"@id\":\"https:\\\/\\\/silviarico.com\\\/ca\\\/escoltar-i-esser-escoltat\\\/#article\",\"isPartOf\":{\"@id\":\"https:\\\/\\\/silviarico.com\\\/ca\\\/escoltar-i-esser-escoltat\\\/\"},\"author\":{\"name\":\"admin\",\"@id\":\"https:\\\/\\\/silviarico.com\\\/#\\\/schema\\\/person\\\/d0f5e6d6ebaca85038a1b18791eca767\"},\"headline\":\"Escoltar i \u00e9sser escoltat\",\"datePublished\":\"2023-07-03T09:35:45+00:00\",\"dateModified\":\"2023-10-31T11:50:42+00:00\",\"mainEntityOfPage\":{\"@id\":\"https:\\\/\\\/silviarico.com\\\/ca\\\/escoltar-i-esser-escoltat\\\/\"},\"wordCount\":267,\"commentCount\":0,\"publisher\":{\"@id\":\"https:\\\/\\\/silviarico.com\\\/#organization\"},\"image\":{\"@id\":\"https:\\\/\\\/silviarico.com\\\/ca\\\/escoltar-i-esser-escoltat\\\/#primaryimage\"},\"thumbnailUrl\":\"https:\\\/\\\/silviarico.com\\\/wp-content\\\/uploads\\\/2023\\\/07\\\/FOTO-ESCUCHAR-BLOG-1.jpg\",\"articleSection\":[\"escoltaconscient\",\"Sense Categoritzar\"],\"inLanguage\":\"ca\",\"potentialAction\":[{\"@type\":\"CommentAction\",\"name\":\"Comment\",\"target\":[\"https:\\\/\\\/silviarico.com\\\/ca\\\/escoltar-i-esser-escoltat\\\/#respond\"]}]},{\"@type\":\"WebPage\",\"@id\":\"https:\\\/\\\/silviarico.com\\\/ca\\\/escoltar-i-esser-escoltat\\\/\",\"url\":\"https:\\\/\\\/silviarico.com\\\/ca\\\/escoltar-i-esser-escoltat\\\/\",\"name\":\"Escoltar i \u00e9sser escoltat - Silvia Rico\",\"isPartOf\":{\"@id\":\"https:\\\/\\\/silviarico.com\\\/#website\"},\"primaryImageOfPage\":{\"@id\":\"https:\\\/\\\/silviarico.com\\\/ca\\\/escoltar-i-esser-escoltat\\\/#primaryimage\"},\"image\":{\"@id\":\"https:\\\/\\\/silviarico.com\\\/ca\\\/escoltar-i-esser-escoltat\\\/#primaryimage\"},\"thumbnailUrl\":\"https:\\\/\\\/silviarico.com\\\/wp-content\\\/uploads\\\/2023\\\/07\\\/FOTO-ESCUCHAR-BLOG-1.jpg\",\"datePublished\":\"2023-07-03T09:35:45+00:00\",\"dateModified\":\"2023-10-31T11:50:42+00:00\",\"description\":\"Soc S\u00edliva Rico, porto pr\u00e0cticament tota la meva vida professional treballant amb persones i aix\u00f2 em fa ser molt m\u00e9s sensible i perceptiva.\",\"breadcrumb\":{\"@id\":\"https:\\\/\\\/silviarico.com\\\/ca\\\/escoltar-i-esser-escoltat\\\/#breadcrumb\"},\"inLanguage\":\"ca\",\"potentialAction\":[{\"@type\":\"ReadAction\",\"target\":[\"https:\\\/\\\/silviarico.com\\\/ca\\\/escoltar-i-esser-escoltat\\\/\"]}]},{\"@type\":\"ImageObject\",\"inLanguage\":\"ca\",\"@id\":\"https:\\\/\\\/silviarico.com\\\/ca\\\/escoltar-i-esser-escoltat\\\/#primaryimage\",\"url\":\"https:\\\/\\\/silviarico.com\\\/wp-content\\\/uploads\\\/2023\\\/07\\\/FOTO-ESCUCHAR-BLOG-1.jpg\",\"contentUrl\":\"https:\\\/\\\/silviarico.com\\\/wp-content\\\/uploads\\\/2023\\\/07\\\/FOTO-ESCUCHAR-BLOG-1.jpg\",\"width\":696,\"height\":343,\"caption\":\"Escuchar y ser escuchado.\"},{\"@type\":\"BreadcrumbList\",\"@id\":\"https:\\\/\\\/silviarico.com\\\/ca\\\/escoltar-i-esser-escoltat\\\/#breadcrumb\",\"itemListElement\":[{\"@type\":\"ListItem\",\"position\":1,\"name\":\"Portada\",\"item\":\"https:\\\/\\\/silviarico.com\\\/ca\\\/inici\\\/\"},{\"@type\":\"ListItem\",\"position\":2,\"name\":\"Escoltar i \u00e9sser escoltat\"}]},{\"@type\":\"WebSite\",\"@id\":\"https:\\\/\\\/silviarico.com\\\/#website\",\"url\":\"https:\\\/\\\/silviarico.com\\\/\",\"name\":\"Silvia Rico\",\"description\":\"S\u00f3lo otro sitio de WordPress\",\"publisher\":{\"@id\":\"https:\\\/\\\/silviarico.com\\\/#organization\"},\"potentialAction\":[{\"@type\":\"SearchAction\",\"target\":{\"@type\":\"EntryPoint\",\"urlTemplate\":\"https:\\\/\\\/silviarico.com\\\/?s={search_term_string}\"},\"query-input\":{\"@type\":\"PropertyValueSpecification\",\"valueRequired\":true,\"valueName\":\"search_term_string\"}}],\"inLanguage\":\"ca\"},{\"@type\":\"Organization\",\"@id\":\"https:\\\/\\\/silviarico.com\\\/#organization\",\"name\":\"Silvia Rico\",\"url\":\"https:\\\/\\\/silviarico.com\\\/\",\"logo\":{\"@type\":\"ImageObject\",\"inLanguage\":\"ca\",\"@id\":\"https:\\\/\\\/silviarico.com\\\/#\\\/schema\\\/logo\\\/image\\\/\",\"url\":\"https:\\\/\\\/silviarico.com\\\/wp-content\\\/uploads\\\/2023\\\/07\\\/LOGOsilviaRICOok.png\",\"contentUrl\":\"https:\\\/\\\/silviarico.com\\\/wp-content\\\/uploads\\\/2023\\\/07\\\/LOGOsilviaRICOok.png\",\"width\":600,\"height\":292,\"caption\":\"Silvia Rico\"},\"image\":{\"@id\":\"https:\\\/\\\/silviarico.com\\\/#\\\/schema\\\/logo\\\/image\\\/\"}},{\"@type\":\"Person\",\"@id\":\"https:\\\/\\\/silviarico.com\\\/#\\\/schema\\\/person\\\/d0f5e6d6ebaca85038a1b18791eca767\",\"name\":\"admin\",\"image\":{\"@type\":\"ImageObject\",\"inLanguage\":\"ca\",\"@id\":\"https:\\\/\\\/secure.gravatar.com\\\/avatar\\\/2f61ddc37ea3479fba0600fe2957c551b3db9ce1c765d7329cf78e480e13bc5b?s=96&d=mm&r=g\",\"url\":\"https:\\\/\\\/secure.gravatar.com\\\/avatar\\\/2f61ddc37ea3479fba0600fe2957c551b3db9ce1c765d7329cf78e480e13bc5b?s=96&d=mm&r=g\",\"contentUrl\":\"https:\\\/\\\/secure.gravatar.com\\\/avatar\\\/2f61ddc37ea3479fba0600fe2957c551b3db9ce1c765d7329cf78e480e13bc5b?s=96&d=mm&r=g\",\"caption\":\"admin\"},\"sameAs\":[\"https:\\\/\\\/silviarico.com\"],\"url\":\"https:\\\/\\\/silviarico.com\\\/ca\\\/author\\\/admin\\\/\"}]}<\/script>\n<!-- \/ Yoast SEO plugin. -->","yoast_head_json":{"title":"Escoltar i \u00e9sser escoltat - Silvia Rico","description":"Soc S\u00edliva Rico, porto pr\u00e0cticament tota la meva vida professional treballant amb persones i aix\u00f2 em fa ser molt m\u00e9s sensible i perceptiva.","robots":{"index":"index","follow":"follow","max-snippet":"max-snippet:-1","max-image-preview":"max-image-preview:large","max-video-preview":"max-video-preview:-1"},"canonical":"https:\/\/silviarico.com\/ca\/escoltar-i-esser-escoltat\/","og_locale":"ca_ES","og_type":"article","og_title":"Escoltar i \u00e9sser escoltat - Silvia Rico","og_description":"Soc S\u00edliva Rico, porto pr\u00e0cticament tota la meva vida professional treballant amb persones i aix\u00f2 em fa ser molt m\u00e9s sensible i perceptiva.","og_url":"https:\/\/silviarico.com\/ca\/escoltar-i-esser-escoltat\/","og_site_name":"Silvia Rico","article_published_time":"2023-07-03T09:35:45+00:00","article_modified_time":"2023-10-31T11:50:42+00:00","og_image":[{"width":696,"height":343,"url":"https:\/\/silviarico.com\/wp-content\/uploads\/2023\/07\/FOTO-ESCUCHAR-BLOG-1.jpg","type":"image\/jpeg"}],"author":"admin","twitter_card":"summary_large_image","twitter_misc":{"Escrit per":"admin","Temps estimat de lectura":"1 minut"},"schema":{"@context":"https:\/\/schema.org","@graph":[{"@type":"Article","@id":"https:\/\/silviarico.com\/ca\/escoltar-i-esser-escoltat\/#article","isPartOf":{"@id":"https:\/\/silviarico.com\/ca\/escoltar-i-esser-escoltat\/"},"author":{"name":"admin","@id":"https:\/\/silviarico.com\/#\/schema\/person\/d0f5e6d6ebaca85038a1b18791eca767"},"headline":"Escoltar i \u00e9sser escoltat","datePublished":"2023-07-03T09:35:45+00:00","dateModified":"2023-10-31T11:50:42+00:00","mainEntityOfPage":{"@id":"https:\/\/silviarico.com\/ca\/escoltar-i-esser-escoltat\/"},"wordCount":267,"commentCount":0,"publisher":{"@id":"https:\/\/silviarico.com\/#organization"},"image":{"@id":"https:\/\/silviarico.com\/ca\/escoltar-i-esser-escoltat\/#primaryimage"},"thumbnailUrl":"https:\/\/silviarico.com\/wp-content\/uploads\/2023\/07\/FOTO-ESCUCHAR-BLOG-1.jpg","articleSection":["escoltaconscient","Sense Categoritzar"],"inLanguage":"ca","potentialAction":[{"@type":"CommentAction","name":"Comment","target":["https:\/\/silviarico.com\/ca\/escoltar-i-esser-escoltat\/#respond"]}]},{"@type":"WebPage","@id":"https:\/\/silviarico.com\/ca\/escoltar-i-esser-escoltat\/","url":"https:\/\/silviarico.com\/ca\/escoltar-i-esser-escoltat\/","name":"Escoltar i \u00e9sser escoltat - Silvia Rico","isPartOf":{"@id":"https:\/\/silviarico.com\/#website"},"primaryImageOfPage":{"@id":"https:\/\/silviarico.com\/ca\/escoltar-i-esser-escoltat\/#primaryimage"},"image":{"@id":"https:\/\/silviarico.com\/ca\/escoltar-i-esser-escoltat\/#primaryimage"},"thumbnailUrl":"https:\/\/silviarico.com\/wp-content\/uploads\/2023\/07\/FOTO-ESCUCHAR-BLOG-1.jpg","datePublished":"2023-07-03T09:35:45+00:00","dateModified":"2023-10-31T11:50:42+00:00","description":"Soc S\u00edliva Rico, porto pr\u00e0cticament tota la meva vida professional treballant amb persones i aix\u00f2 em fa ser molt m\u00e9s sensible i perceptiva.","breadcrumb":{"@id":"https:\/\/silviarico.com\/ca\/escoltar-i-esser-escoltat\/#breadcrumb"},"inLanguage":"ca","potentialAction":[{"@type":"ReadAction","target":["https:\/\/silviarico.com\/ca\/escoltar-i-esser-escoltat\/"]}]},{"@type":"ImageObject","inLanguage":"ca","@id":"https:\/\/silviarico.com\/ca\/escoltar-i-esser-escoltat\/#primaryimage","url":"https:\/\/silviarico.com\/wp-content\/uploads\/2023\/07\/FOTO-ESCUCHAR-BLOG-1.jpg","contentUrl":"https:\/\/silviarico.com\/wp-content\/uploads\/2023\/07\/FOTO-ESCUCHAR-BLOG-1.jpg","width":696,"height":343,"caption":"Escuchar y ser escuchado."},{"@type":"BreadcrumbList","@id":"https:\/\/silviarico.com\/ca\/escoltar-i-esser-escoltat\/#breadcrumb","itemListElement":[{"@type":"ListItem","position":1,"name":"Portada","item":"https:\/\/silviarico.com\/ca\/inici\/"},{"@type":"ListItem","position":2,"name":"Escoltar i \u00e9sser escoltat"}]},{"@type":"WebSite","@id":"https:\/\/silviarico.com\/#website","url":"https:\/\/silviarico.com\/","name":"Silvia Rico","description":"S\u00f3lo otro sitio de WordPress","publisher":{"@id":"https:\/\/silviarico.com\/#organization"},"potentialAction":[{"@type":"SearchAction","target":{"@type":"EntryPoint","urlTemplate":"https:\/\/silviarico.com\/?s={search_term_string}"},"query-input":{"@type":"PropertyValueSpecification","valueRequired":true,"valueName":"search_term_string"}}],"inLanguage":"ca"},{"@type":"Organization","@id":"https:\/\/silviarico.com\/#organization","name":"Silvia Rico","url":"https:\/\/silviarico.com\/","logo":{"@type":"ImageObject","inLanguage":"ca","@id":"https:\/\/silviarico.com\/#\/schema\/logo\/image\/","url":"https:\/\/silviarico.com\/wp-content\/uploads\/2023\/07\/LOGOsilviaRICOok.png","contentUrl":"https:\/\/silviarico.com\/wp-content\/uploads\/2023\/07\/LOGOsilviaRICOok.png","width":600,"height":292,"caption":"Silvia Rico"},"image":{"@id":"https:\/\/silviarico.com\/#\/schema\/logo\/image\/"}},{"@type":"Person","@id":"https:\/\/silviarico.com\/#\/schema\/person\/d0f5e6d6ebaca85038a1b18791eca767","name":"admin","image":{"@type":"ImageObject","inLanguage":"ca","@id":"https:\/\/secure.gravatar.com\/avatar\/2f61ddc37ea3479fba0600fe2957c551b3db9ce1c765d7329cf78e480e13bc5b?s=96&d=mm&r=g","url":"https:\/\/secure.gravatar.com\/avatar\/2f61ddc37ea3479fba0600fe2957c551b3db9ce1c765d7329cf78e480e13bc5b?s=96&d=mm&r=g","contentUrl":"https:\/\/secure.gravatar.com\/avatar\/2f61ddc37ea3479fba0600fe2957c551b3db9ce1c765d7329cf78e480e13bc5b?s=96&d=mm&r=g","caption":"admin"},"sameAs":["https:\/\/silviarico.com"],"url":"https:\/\/silviarico.com\/ca\/author\/admin\/"}]}},"_links":{"self":[{"href":"https:\/\/silviarico.com\/ca\/wp-json\/wp\/v2\/posts\/1480","targetHints":{"allow":["GET"]}}],"collection":[{"href":"https:\/\/silviarico.com\/ca\/wp-json\/wp\/v2\/posts"}],"about":[{"href":"https:\/\/silviarico.com\/ca\/wp-json\/wp\/v2\/types\/post"}],"author":[{"embeddable":true,"href":"https:\/\/silviarico.com\/ca\/wp-json\/wp\/v2\/users\/1"}],"replies":[{"embeddable":true,"href":"https:\/\/silviarico.com\/ca\/wp-json\/wp\/v2\/comments?post=1480"}],"version-history":[{"count":5,"href":"https:\/\/silviarico.com\/ca\/wp-json\/wp\/v2\/posts\/1480\/revisions"}],"predecessor-version":[{"id":1498,"href":"https:\/\/silviarico.com\/ca\/wp-json\/wp\/v2\/posts\/1480\/revisions\/1498"}],"wp:featuredmedia":[{"embeddable":true,"href":"https:\/\/silviarico.com\/ca\/wp-json\/wp\/v2\/media\/1478"}],"wp:attachment":[{"href":"https:\/\/silviarico.com\/ca\/wp-json\/wp\/v2\/media?parent=1480"}],"wp:term":[{"taxonomy":"category","embeddable":true,"href":"https:\/\/silviarico.com\/ca\/wp-json\/wp\/v2\/categories?post=1480"},{"taxonomy":"post_tag","embeddable":true,"href":"https:\/\/silviarico.com\/ca\/wp-json\/wp\/v2\/tags?post=1480"}],"curies":[{"name":"wp","href":"https:\/\/api.w.org\/{rel}","templated":true}]}}